{"id":2184,"date":"2021-01-17T18:09:03","date_gmt":"2021-01-17T22:09:03","guid":{"rendered":"https:\/\/www.spanglishvoces.com\/?p=2184"},"modified":"2021-03-08T18:02:05","modified_gmt":"2021-03-08T22:02:05","slug":"sobreviviente","status":"publish","type":"post","link":"https:\/\/www.spanglishvoces.com\/index.php\/2021\/01\/17\/sobreviviente\/","title":{"rendered":"SOBREVIVIENTE"},"content":{"rendered":"<p><span style=\"font-weight: 400; color: #000000;\">Es dif\u00edcil encontrar las palabras exactas para describir un tiempo tan desolador, deplorable y at\u00edpico como el que estamos pasando, pues ninguno de los adjetivos da la talla. Este periodo ha sido una enorme ola que ha tra\u00eddo consigo pesares, desasosiego y pesadumbre, estando desprevenidos. Nos hemos visto carentes de tantas cosas; emocionalmente inestables, ansiosos por el ma\u00f1ana y temerosos por una muerte prematura.\u00a0\u00a0Debo confesar que me ha invadido un sentimiento abrupto de desilusi\u00f3n ante todo lo que he pasado en tan poco tiempo, y sin duda ha opacado una felicidad ef\u00edmera.\u00a0\u00a0Hemos recibido todo s\u00fabitamente sin la posibilidad de una recuperaci\u00f3n total de aquello que a\u00fan intent\u00e1bamos descifrar c\u00f3mo reparar.\u00a0Desde un peque\u00f1o lente, pero rico en cultura, tradici\u00f3n y encanto, expongo mi mirada nost\u00e1lgica de como resent\u00ed la agudeza de esta temporada en mi terru\u00f1o puertorrique\u00f1o.\u00a0<\/span><\/p>\n<p><span style=\"font-weight: 400; color: #000000;\">Cuando nos damos cuenta de que no tenemos el control de c\u00f3mo se manifiestan las cosas en el mundo natural, la desesperaci\u00f3n hace estragos en muchos. Han sido d\u00edas prolongados en los cuales en ninguno de ellos se ha encontrado sosiego. Lo medi\u00e1tico se ha encargado de propagar terror, mientras se alimenta de la frustraci\u00f3n colectiva.\u00a0La tranquilidad es un sentimiento for\u00e1neo aqu\u00ed, a solo d\u00edas de construir nuevas expectativas ancladas en la superaci\u00f3n de traumas recientes experimentamos como los cimientos de nuestros hogares, fueron sacudidos por temblores atemorizantes que atentaron con el \u00fanico lugar en el que nos sentimos seguros.\u00a0<\/span><\/p>\n<p><span style=\"font-weight: 400; color: #000000;\">Meses despu\u00e9s el racismo rampante vuelve a tomar parte en la historia con la triste muerte de George Floyd, a manos de un oficial de la polic\u00eda. Se marca un punto importante a partir de esta tragedia, ya que esto insta al pueblo a una sublevaci\u00f3n por las calles a luchar en contra del racismo y la violencia. Es decepcionante ver c\u00f3mo se repite la misma historia, siendo v\u00edctimas los que llaman minor\u00edas por la separaci\u00f3n de clases, color, g\u00e9nero, etc. Fueron tocadas las fibras de muchos por la indiferencia del ser humano ante la p\u00e9rdida de una vida a causa de pensamientos retr\u00f3gradas. La lucha por la libertad y la igualdad abarrotaron los medios positivamente a favor de una conciencia social. Por otro lado, la hipocres\u00eda pura,\u00a0 patentizaba lo que manten\u00eda a la gente en sinton\u00eda, mientras el espectador generalizaba por unos cuantos que representaban el vandalismo en todo su esplendor. Es incre\u00edble pensar que se tiene que perder una vida para abrir paso a la aceptaci\u00f3n seguida por la concientizaci\u00f3n. Es decepcionante aseverar que las cosas no van a cambiar, pero seg\u00fan pasan los d\u00edas, esta premisa se afirma cada vez m\u00e1s.\u00a0\u00a0Con un dolor entra\u00f1able manifiesto que la sociedad nunca ha sido civilizada y es tan evidente en donde realmente est\u00e1n los intereses de esta. Es muy injusto generalizar, pero todos hemos sido participe del proceder de esta colectividad decadente. Teniendo mi raciocinio muy coherente me apropio completamente del t\u00e9rmino \u201cdesahogo\u201d para revelar el dolor de un ente pensante.\u00a0<\/span><\/p>\n<p><span style=\"font-weight: 400; color: #000000;\">Bajo esta misma nube que nos acechaba por doquier se hac\u00edan o\u00edr malas noticias, y completamos la desdicha con una enfermedad mortal. Se confirmaron casos en pa\u00edses extranjeros y los rumores que ya hab\u00eda llegado a nuestra tierra ya eran parte de nuestra realidad. En un abrir y cerrar de ojos se propag\u00f3 convirti\u00e9ndose en una pandemia. La soledad se convirti\u00f3 en ese acompa\u00f1ante fastidioso que rememoraba la subordinaci\u00f3n al encerramiento para evitar m\u00e1s tragedias. Cada cosa trae consigo una ense\u00f1anza no importando la magnitud de la situaci\u00f3n. Lo esencial se entroniz\u00f3 provocando la b\u00fasqueda del valor genuino en las relaciones personales e impersonales. Comenzamos a anhelar lo que en nuestra normalidad d\u00e1bamos por sentado, atravesando un reto enorme dado a las limitaciones y restricciones que cada d\u00eda enfrentamos. La responsabilidad de cuidarnos a nosotros y a los dem\u00e1s es una quimera que cada d\u00eda se hace m\u00e1s pesada. Hastiados de las mascarillas, distanciamiento, bloqueos, toque de queda, alertas de vigilancia se afrontan los d\u00edas con pesadez. Muchas noches desvelada sometiendo la cabeza saturada con pensamientos sobre qu\u00e9 pasar\u00e1. Se me va el aliento, cuestionando, imaginando, especulando el desenlace de este cap\u00edtulo espantoso.<\/span><\/p>\n<p><span style=\"font-weight: 400; color: #000000;\">Esto no parece concluir, y no siendo suficiente se disparan casos de feminicidios y violencia de g\u00e9nero. En mi posici\u00f3n de mujer esto lacer\u00f3 mi coraz\u00f3n, pues veo como no le prestan la atenci\u00f3n que merece. Nuestros sentidos est\u00e1n en constante sometimiento a los medios que en su mayor\u00eda recogen lo negativo, provocando una insensibilidad severa. La violencia parece tornarse nuestra realidad cotidiana siendo su ra\u00edz la marginaci\u00f3n y el repudio. La lucha de roles y el patriarcado ha sustituido los discursos sobre la igualdad y la inclusi\u00f3n. Ser mujer en pleno siglo 21 contin\u00faa siendo un reto, aunque hemos encontrado un peque\u00f1o porcentaje de cambio, pero no suficientemente sustancial. Dado a esta consistencia en los asesinatos, la inseguridad me invadi\u00f3, temiendo por mi vida hasta\u00a0en mi propio hogar y eso no ha cambiado. Hasta el d\u00eda de hoy se han reportado un n\u00famero excesivo de f\u00e9minas asesinadas, transmitiendo un mensaje contundente, \u00a1hay que hacer algo!\u00a0<\/span><\/p>\n<p><span style=\"font-weight: 400; color: #000000;\">En definitiva, esto para el gobierno central no parece importante. En los \u00faltimos meses se celebraron las elecciones que parecen no terminar. A\u00fan se especula que no se han contado todas las papeletas. Un proceso vergonzoso y decepcionante donde los partidos tradicionales vuelven a ganar. Un discurso incongruente ya que los mismos que nos llevaron a la debacle, vuelven a revalidar para los puestos.\u00a0<\/span><\/p>\n<p><span style=\"font-weight: 400; color: #000000;\">Por otro lado, nosotros los j\u00f3venes hicimos escuchar nuestra voz, falta mucho por recorrer, pero hay que destacar el gran paso hist\u00f3rico que dimos. El tema de las elecciones sigue tomando parte en los foros sembrando m\u00e1s frustraci\u00f3n.\u00a0 La vida se inclina m\u00e1s a la sobrevivencia que a la plenitud de la felicidad. Aquellas poquitas cosas que poseemos son saqueadas y muchas veces ni nos damos cuenta. Ha sido fuerte en todo el sentido de la palabra adaptarse, so\u00f1ar, y vivir.\u00a0<\/span><\/p>\n<p><span style=\"font-weight: 400; color: #000000;\">En las postrimer\u00edas de esta jornada, nos despertamos con la desgarradora noticia sobre el colapso del Observatorio de Arecibo. Esta situaci\u00f3n es una excelente analog\u00eda de lo resistentes que somos, entendiendo que estamos constantemente expuestos a un agotamiento mental, f\u00edsico y emocional al punto de literalmente desvanecernos.\u00a0\u00a0<\/span><\/p>\n<p><span style=\"font-weight: 400; color: #000000;\">Cada evento aqu\u00ed relatado, ahora es parte de la historia que nos precede. En esto nos hemos convertido siendo esto una pizca de la cosecha de nuestra propia siembra. Un lugar donde mi voz es limitada, los sue\u00f1os son distantes y las oportunidades escasas. Mi visi\u00f3n se ha visto empa\u00f1ada por el r\u00e9gimen ego\u00edsta, codicioso y tramposo que ense\u00f1orea este lugar persuadido por la corrupci\u00f3n. Me he apropiado de esta plataforma para expresar cada una de las emociones que experiment\u00e9 y que en su mayor\u00eda no fueron satisfactorias. <\/span><\/p>\n<p><span style=\"font-weight: 400; color: #000000;\">No pod\u00eda concluir sin destacar la paciencia, responsabilidad y empat\u00eda que desarrollamos. No todas las cosas salieron como estaban previstas, pero es una lecci\u00f3n de que no todo lo debemos tener premeditado, porque no tenemos el control del universo. Volvimos a encontrar el amor en la simplicidad de la vida, destruyendo el ajetreo de la cotidianidad. La intenci\u00f3n no es desacreditar ni ser propulsora de las desgracias, mi deseo era expresar el golpe por el cual fuimos sometidos sin anestesia.\u00a0 A pesar de lo arrollador continuamos mirando un porvenir maravilloso en este tiempo entrante. As\u00ed como se resaltaron las cosas malas, tambi\u00e9n hay que subrayar las buenas. Con un tono melanc\u00f3lico manifiesto mi descontento en prestarle m\u00e1s atenci\u00f3n a las que no fueron tan buenas, pero es mi desahogo. Me reh\u00faso a pensar que la historia se tiene que repetir nuevamente para provocar algo en nosotros.\u00a0 Ense\u00f1anzas, introspecci\u00f3n, pausas, espacios, tiempo, risas, l\u00e1grimas, paz, desasosiego, locura, un peque\u00f1o resumen de lo que nos hizo vivir este 2020.<\/span><\/p>\n<hr \/>\n<p><span style=\"color: #000000;\"><img loading=\"lazy\" class=\"alignleft wp-image-2164\" src=\"https:\/\/www.spanglishvoces.com\/wp-content\/uploads\/2021\/01\/unnamed-1.jpg\" alt=\"\" width=\"99\" height=\"132\" \/><a href=\"https:\/\/www.facebook.com\/paolajoanet.marreroramos?hc_ref=ARROrky_SzTamJBbVhfGYHxZS2fmgEMSghILVnQWm-UOD7jemJJQWJA3urM1K2fbNDI&amp;ref=nf_target\">Paola Marrero<\/a> naci\u00f3 en Bayam\u00f3n, Puerto Rico. Recientemente concluy\u00f3 un bachillerato en Literatura Comparada en la Universidad de Puerto Rico, Recinto de R\u00edo\u00a0Piedras. Desde que tiene conciencia ha tenido un deseo ferviente por la escritura y la lectura. A sus 25 a\u00f1os\u00a0de edad, va en busqueda de experiencias\u00a0para el cumplimiento de su sue\u00f1o. Para acceder a su blog personal\u00a0<a href=\"http:\/\/eunoiapensamientoestetico.wordpress.com\/\" target=\"_blank\" rel=\"noopener noreferrer\" data-saferedirecturl=\"https:\/\/www.google.com\/url?q=http:\/\/eunoiapensamientoestetico.wordpress.com\/&amp;source=gmail&amp;ust=1610906757342000&amp;usg=AFQjCNEihIPMn0WUv51q0C4PxpnD45d3vw\">eunoiapensamientoeste<wbr \/>tico.wordpress.com.<\/a><\/span><\/p>\n<p><strong>Social Media<\/strong><\/p>\n<p style=\"padding-left: 120px;\">\u00a0 \u00a0 Instagram: <a href=\"https:\/\/www.instagram.com\/paojoanet\/\">paojoanet<\/a><\/p>\n<!-- AddThis Advanced Settings generic via filter on the_content --><!-- AddThis Share Buttons generic via filter on the_content -->","protected":false},"excerpt":{"rendered":"<p>Es dif\u00edcil encontrar las palabras exactas para describir un tiempo tan desolador, deplorable y at\u00edpico como el que estamos pasando, pues ninguno de los adjetivos da la talla. Este periodo ha sido una enorme ola que ha tra\u00eddo consigo pesares, desasosiego y pesadumbre, estando desprevenidos. Nos hemos visto carentes de tantas cosas; emocionalmente inestables, ansiosos [&hellip;]<!-- AddThis Advanced Settings generic via filter on get_the_excerpt --><!-- AddThis Share Buttons generic via filter on get_the_excerpt --><\/p>\n","protected":false},"author":41,"featured_media":2185,"comment_status":"closed","ping_status":"open","sticky":false,"template":"","format":"standard","meta":[],"categories":[64],"tags":[534,410,640,261,465,642,641,206,187,207,637,638,233,229,542,639,184,463,643,188],"yoast_head":"<!-- This site is optimized with the Yoast SEO plugin v19.13 - https:\/\/yoast.com\/wordpress\/plugins\/seo\/ -->\n<title>SOBREVIVIENTE - Spanglish Voces Magazine<\/title>\n<meta name=\"robots\" content=\"index, follow, max-snippet:-1, max-image-preview:large, max-video-preview:-1\" \/>\n<link rel=\"canonical\" href=\"https:\/\/www.spanglishvoces.com\/index.php\/2021\/01\/17\/sobreviviente\/\" \/>\n<meta property=\"og:locale\" content=\"en_US\" \/>\n<meta property=\"og:type\" content=\"article\" \/>\n<meta property=\"og:title\" content=\"SOBREVIVIENTE - Spanglish Voces Magazine\" \/>\n<meta property=\"og:description\" content=\"Es dif\u00edcil encontrar las palabras exactas para describir un tiempo tan desolador, deplorable y at\u00edpico como el que estamos pasando, pues ninguno de los adjetivos da la talla. Este periodo ha sido una enorme ola que ha tra\u00eddo consigo pesares, desasosiego y pesadumbre, estando desprevenidos. Nos hemos visto carentes de tantas cosas; emocionalmente inestables, ansiosos [&hellip;]\" \/>\n<meta property=\"og:url\" content=\"https:\/\/www.spanglishvoces.com\/index.php\/2021\/01\/17\/sobreviviente\/\" \/>\n<meta property=\"og:site_name\" content=\"Spanglish Voces Magazine\" \/>\n<meta property=\"article:published_time\" content=\"2021-01-17T22:09:03+00:00\" \/>\n<meta property=\"article:modified_time\" content=\"2021-03-08T22:02:05+00:00\" \/>\n<meta property=\"og:image\" content=\"https:\/\/www.spanglishvoces.com\/wp-content\/uploads\/2021\/01\/unnamed-6.jpg\" \/>\n\t<meta property=\"og:image:width\" content=\"728\" \/>\n\t<meta property=\"og:image:height\" content=\"495\" \/>\n\t<meta property=\"og:image:type\" content=\"image\/jpeg\" \/>\n<meta name=\"author\" content=\"Paola Marrero\" \/>\n<meta name=\"twitter:card\" content=\"summary_large_image\" \/>\n<meta name=\"twitter:label1\" content=\"Written by\" \/>\n\t<meta name=\"twitter:data1\" content=\"Paola Marrero\" \/>\n\t<meta name=\"twitter:label2\" content=\"Est. reading time\" \/>\n\t<meta name=\"twitter:data2\" content=\"7 minutes\" \/>\n<script type=\"application\/ld+json\" class=\"yoast-schema-graph\">{\"@context\":\"https:\/\/schema.org\",\"@graph\":[{\"@type\":\"WebPage\",\"@id\":\"https:\/\/www.spanglishvoces.com\/index.php\/2021\/01\/17\/sobreviviente\/\",\"url\":\"https:\/\/www.spanglishvoces.com\/index.php\/2021\/01\/17\/sobreviviente\/\",\"name\":\"SOBREVIVIENTE - Spanglish Voces Magazine\",\"isPartOf\":{\"@id\":\"https:\/\/www.spanglishvoces.com\/#website\"},\"datePublished\":\"2021-01-17T22:09:03+00:00\",\"dateModified\":\"2021-03-08T22:02:05+00:00\",\"author\":{\"@id\":\"https:\/\/www.spanglishvoces.com\/#\/schema\/person\/ea58f934076957c43f0bd48daad2de68\"},\"breadcrumb\":{\"@id\":\"https:\/\/www.spanglishvoces.com\/index.php\/2021\/01\/17\/sobreviviente\/#breadcrumb\"},\"inLanguage\":\"en-US\",\"potentialAction\":[{\"@type\":\"ReadAction\",\"target\":[\"https:\/\/www.spanglishvoces.com\/index.php\/2021\/01\/17\/sobreviviente\/\"]}]},{\"@type\":\"BreadcrumbList\",\"@id\":\"https:\/\/www.spanglishvoces.com\/index.php\/2021\/01\/17\/sobreviviente\/#breadcrumb\",\"itemListElement\":[{\"@type\":\"ListItem\",\"position\":1,\"name\":\"Home\",\"item\":\"https:\/\/www.spanglishvoces.com\/\"},{\"@type\":\"ListItem\",\"position\":2,\"name\":\"SOBREVIVIENTE\"}]},{\"@type\":\"WebSite\",\"@id\":\"https:\/\/www.spanglishvoces.com\/#website\",\"url\":\"https:\/\/www.spanglishvoces.com\/\",\"name\":\"Spanglish Voces Magazine\",\"description\":\"This platform is a tool to build community.\",\"potentialAction\":[{\"@type\":\"SearchAction\",\"target\":{\"@type\":\"EntryPoint\",\"urlTemplate\":\"https:\/\/www.spanglishvoces.com\/?s={search_term_string}\"},\"query-input\":\"required name=search_term_string\"}],\"inLanguage\":\"en-US\"},{\"@type\":\"Person\",\"@id\":\"https:\/\/www.spanglishvoces.com\/#\/schema\/person\/ea58f934076957c43f0bd48daad2de68\",\"name\":\"Paola Marrero\",\"image\":{\"@type\":\"ImageObject\",\"inLanguage\":\"en-US\",\"@id\":\"https:\/\/www.spanglishvoces.com\/#\/schema\/person\/image\/\",\"url\":\"https:\/\/secure.gravatar.com\/avatar\/e54e0ea8a17921b926bde9f5eda6732e?s=96&d=mm&r=g\",\"contentUrl\":\"https:\/\/secure.gravatar.com\/avatar\/e54e0ea8a17921b926bde9f5eda6732e?s=96&d=mm&r=g\",\"caption\":\"Paola Marrero\"},\"url\":\"https:\/\/www.spanglishvoces.com\/index.php\/author\/paola-marrero12upr-edu\/\"}]}<\/script>\n<!-- \/ Yoast SEO plugin. -->","yoast_head_json":{"title":"SOBREVIVIENTE - Spanglish Voces Magazine","robots":{"index":"index","follow":"follow","max-snippet":"max-snippet:-1","max-image-preview":"max-image-preview:large","max-video-preview":"max-video-preview:-1"},"canonical":"https:\/\/www.spanglishvoces.com\/index.php\/2021\/01\/17\/sobreviviente\/","og_locale":"en_US","og_type":"article","og_title":"SOBREVIVIENTE - Spanglish Voces Magazine","og_description":"Es dif\u00edcil encontrar las palabras exactas para describir un tiempo tan desolador, deplorable y at\u00edpico como el que estamos pasando, pues ninguno de los adjetivos da la talla. Este periodo ha sido una enorme ola que ha tra\u00eddo consigo pesares, desasosiego y pesadumbre, estando desprevenidos. Nos hemos visto carentes de tantas cosas; emocionalmente inestables, ansiosos [&hellip;]","og_url":"https:\/\/www.spanglishvoces.com\/index.php\/2021\/01\/17\/sobreviviente\/","og_site_name":"Spanglish Voces Magazine","article_published_time":"2021-01-17T22:09:03+00:00","article_modified_time":"2021-03-08T22:02:05+00:00","og_image":[{"width":728,"height":495,"url":"https:\/\/www.spanglishvoces.com\/wp-content\/uploads\/2021\/01\/unnamed-6.jpg","type":"image\/jpeg"}],"author":"Paola Marrero","twitter_card":"summary_large_image","twitter_misc":{"Written by":"Paola Marrero","Est. reading time":"7 minutes"},"schema":{"@context":"https:\/\/schema.org","@graph":[{"@type":"WebPage","@id":"https:\/\/www.spanglishvoces.com\/index.php\/2021\/01\/17\/sobreviviente\/","url":"https:\/\/www.spanglishvoces.com\/index.php\/2021\/01\/17\/sobreviviente\/","name":"SOBREVIVIENTE - Spanglish Voces Magazine","isPartOf":{"@id":"https:\/\/www.spanglishvoces.com\/#website"},"datePublished":"2021-01-17T22:09:03+00:00","dateModified":"2021-03-08T22:02:05+00:00","author":{"@id":"https:\/\/www.spanglishvoces.com\/#\/schema\/person\/ea58f934076957c43f0bd48daad2de68"},"breadcrumb":{"@id":"https:\/\/www.spanglishvoces.com\/index.php\/2021\/01\/17\/sobreviviente\/#breadcrumb"},"inLanguage":"en-US","potentialAction":[{"@type":"ReadAction","target":["https:\/\/www.spanglishvoces.com\/index.php\/2021\/01\/17\/sobreviviente\/"]}]},{"@type":"BreadcrumbList","@id":"https:\/\/www.spanglishvoces.com\/index.php\/2021\/01\/17\/sobreviviente\/#breadcrumb","itemListElement":[{"@type":"ListItem","position":1,"name":"Home","item":"https:\/\/www.spanglishvoces.com\/"},{"@type":"ListItem","position":2,"name":"SOBREVIVIENTE"}]},{"@type":"WebSite","@id":"https:\/\/www.spanglishvoces.com\/#website","url":"https:\/\/www.spanglishvoces.com\/","name":"Spanglish Voces Magazine","description":"This platform is a tool to build community.","potentialAction":[{"@type":"SearchAction","target":{"@type":"EntryPoint","urlTemplate":"https:\/\/www.spanglishvoces.com\/?s={search_term_string}"},"query-input":"required name=search_term_string"}],"inLanguage":"en-US"},{"@type":"Person","@id":"https:\/\/www.spanglishvoces.com\/#\/schema\/person\/ea58f934076957c43f0bd48daad2de68","name":"Paola Marrero","image":{"@type":"ImageObject","inLanguage":"en-US","@id":"https:\/\/www.spanglishvoces.com\/#\/schema\/person\/image\/","url":"https:\/\/secure.gravatar.com\/avatar\/e54e0ea8a17921b926bde9f5eda6732e?s=96&d=mm&r=g","contentUrl":"https:\/\/secure.gravatar.com\/avatar\/e54e0ea8a17921b926bde9f5eda6732e?s=96&d=mm&r=g","caption":"Paola Marrero"},"url":"https:\/\/www.spanglishvoces.com\/index.php\/author\/paola-marrero12upr-edu\/"}]}},"_links":{"self":[{"href":"https:\/\/www.spanglishvoces.com\/index.php\/wp-json\/wp\/v2\/posts\/2184"}],"collection":[{"href":"https:\/\/www.spanglishvoces.com\/index.php\/wp-json\/wp\/v2\/posts"}],"about":[{"href":"https:\/\/www.spanglishvoces.com\/index.php\/wp-json\/wp\/v2\/types\/post"}],"author":[{"embeddable":true,"href":"https:\/\/www.spanglishvoces.com\/index.php\/wp-json\/wp\/v2\/users\/41"}],"replies":[{"embeddable":true,"href":"https:\/\/www.spanglishvoces.com\/index.php\/wp-json\/wp\/v2\/comments?post=2184"}],"version-history":[{"count":3,"href":"https:\/\/www.spanglishvoces.com\/index.php\/wp-json\/wp\/v2\/posts\/2184\/revisions"}],"predecessor-version":[{"id":2188,"href":"https:\/\/www.spanglishvoces.com\/index.php\/wp-json\/wp\/v2\/posts\/2184\/revisions\/2188"}],"wp:featuredmedia":[{"embeddable":true,"href":"https:\/\/www.spanglishvoces.com\/index.php\/wp-json\/wp\/v2\/media\/2185"}],"wp:attachment":[{"href":"https:\/\/www.spanglishvoces.com\/index.php\/wp-json\/wp\/v2\/media?parent=2184"}],"wp:term":[{"taxonomy":"category","embeddable":true,"href":"https:\/\/www.spanglishvoces.com\/index.php\/wp-json\/wp\/v2\/categories?post=2184"},{"taxonomy":"post_tag","embeddable":true,"href":"https:\/\/www.spanglishvoces.com\/index.php\/wp-json\/wp\/v2\/tags?post=2184"}],"curies":[{"name":"wp","href":"https:\/\/api.w.org\/{rel}","templated":true}]}}