{"id":3104,"date":"2025-05-03T16:36:27","date_gmt":"2025-05-03T20:36:27","guid":{"rendered":"https:\/\/www.spanglishvoces.com\/?p=3104"},"modified":"2025-05-03T16:45:19","modified_gmt":"2025-05-03T20:45:19","slug":"corona","status":"publish","type":"post","link":"https:\/\/www.spanglishvoces.com\/index.php\/2025\/05\/03\/corona\/","title":{"rendered":"Corona"},"content":{"rendered":"<p><em>Inspired by the artwork of Rafaelina Tineo titled \u201cEl mo\u00f1o\u201d<\/em><br \/>\n<em>from the \u201cWomen in the Heights: Hair \u2013 Untangling Identity\u201d exhibit at the NoMAA GALLERY.<\/em><\/p>\n<p>&nbsp;<\/p>\n<p><span style=\"color: #000000;\">Dice la sociedad que debo desenredar nudos, nudos en mi identidad, en la mente, en el coraz\u00f3n en mi corona, nudos en mi garganta. Los desenredo con un peine que se siente como un rastrillo impulsado por la sociedad que penetra mi tronco.<\/span><\/p>\n<p><span style=\"color: #000000;\">Y, me desenredo. Y, espero que tambi\u00e9n se desenrede la gente y sus prejuicios,<\/span><br \/>\n<span style=\"color: #000000;\">que me acepten y me quieran y que yo me acepte y me quiera a\u00fan si no puedo desenredarme.<\/span><br \/>\n<span style=\"color: #000000;\">Mi historia es enredada pero para que la entiendas tendr\u00eda que explicarte de d\u00f3nde vengo,<\/span><br \/>\n<span style=\"color: #000000;\">contarte la historia de mis ancestros.<\/span><\/p>\n<p><span style=\"color: #000000;\">\u00a1Ay! No me hales. No me hales los cabellos. No me hales mi esencia.<\/span><\/p>\n<p><span style=\"color: #000000;\">Eso me quema. Me quema el cuero. El qu\u00edmico me quema. T\u00fa me quemas.<\/span><br \/>\n<span style=\"color: #000000;\">Sus miradas me queman. El alma me quema.<\/span><\/p>\n<p><span style=\"color: #000000;\">D\u00e9jame mi cabello. D\u00e9jame mis rizos, mis ondas, mi paj\u00f3n, mi mo\u00f1o. D\u00e9jame mi corona.<\/span><\/p>\n<p>&nbsp;<\/p>\n<p><!--more--><\/p>\n<p><img loading=\"lazy\" class=\"size-medium wp-image-3106 alignright\" src=\"https:\/\/www.spanglishvoces.com\/wp-content\/uploads\/2025\/05\/1-240x300.png\" alt=\"\" width=\"240\" height=\"300\" srcset=\"https:\/\/www.spanglishvoces.com\/wp-content\/uploads\/2025\/05\/1-240x300.png 240w, https:\/\/www.spanglishvoces.com\/wp-content\/uploads\/2025\/05\/1-819x1024.png 819w, https:\/\/www.spanglishvoces.com\/wp-content\/uploads\/2025\/05\/1-768x960.png 768w, https:\/\/www.spanglishvoces.com\/wp-content\/uploads\/2025\/05\/1-360x450.png 360w, https:\/\/www.spanglishvoces.com\/wp-content\/uploads\/2025\/05\/1.png 1080w\" sizes=\"(max-width: 240px) 100vw, 240px\" \/><\/p>\n<div><span style=\"color: #333333;\">Lissette Acosta Corniel, Ph.D.,\u00a0is an associate professor of Latin American and Caribbean studies in the Department of Ethnic and Race Studies at the Borough of Manhattan Community College. She is a historian whose work focuses on gender, slavery, and resistance in early colonial Hispaniola and Santo Domingo. She has published several articles and book chapters and is the editor of the book\u00a0<i>Transatlantic Bondage: Slavery and Freedom in Spain, Santo Domingo, and Puerto Rico\u00a0<\/i>(SUNY Press, 2024). Acosta Corniel is also interested\u00a0in digital humanities. She was the research associate of the\u00a0<span style=\"color: #0000ff;\"><u><a id=\"m_-8729440532111119252OWA71f39c9f-5e63-e5f0-a8d1-4f74c5282cc4\" style=\"color: #0000ff;\" title=\"http:\/\/www.firstblacks.org\/\" href=\"http:\/\/www.firstblacks.org\/\" target=\"_blank\" rel=\"noopener\" data-saferedirecturl=\"https:\/\/www.google.com\/url?q=http:\/\/www.firstblacks.org\/&amp;source=gmail&amp;ust=1746385785976000&amp;usg=AOvVaw284svy_kqImopMJZG0Q9tH\">www.firstblacks.org<\/a><\/u> <\/span>database and is the co-creator and co-director of the faculty-student research program Black Studies Across the Americas. <span style=\"color: #0000ff;\"><u><a id=\"m_-8729440532111119252OWA732157b1-ceef-e689-e66b-66cae6e3189c\" style=\"color: #0000ff;\" title=\"https:\/\/openlab.bmcc.cuny.edu\/black-studies-across-the-americas\/\" href=\"https:\/\/openlab.bmcc.cuny.edu\/black-studies-across-the-americas\/\" target=\"_blank\" rel=\"noopener\" data-saferedirecturl=\"https:\/\/www.google.com\/url?q=https:\/\/openlab.bmcc.cuny.edu\/black-studies-across-the-americas\/&amp;source=gmail&amp;ust=1746385785976000&amp;usg=AOvVaw3j9K0cbKYMbYHdIMSY99mL\">https:\/\/openlab.bmcc.cuny.edu\/<wbr \/>black-studies-across-the-<wbr \/>americas\/<\/a><\/u>.<\/span><\/span><\/div>\n<!-- AddThis Advanced Settings generic via filter on the_content --><!-- AddThis Share Buttons generic via filter on the_content -->","protected":false},"excerpt":{"rendered":"<p>Inspired by the artwork of Rafaelina Tineo titled \u201cEl mo\u00f1o\u201d from the \u201cWomen in the Heights: Hair \u2013 Untangling Identity\u201d exhibit at the NoMAA GALLERY. &nbsp; Dice la sociedad que debo desenredar nudos, nudos en mi identidad, en la mente, en el coraz\u00f3n en mi corona, nudos en mi garganta. Los desenredo con un peine [&hellip;]<!-- AddThis Advanced Settings generic via filter on get_the_excerpt --><!-- AddThis Share Buttons generic via filter on get_the_excerpt --><\/p>\n","protected":false},"author":89,"featured_media":3111,"comment_status":"closed","ping_status":"open","sticky":false,"template":"","format":"standard","meta":[],"categories":[78,898,80],"tags":[900,184,282,901,902],"yoast_head":"<!-- This site is optimized with the Yoast SEO plugin v19.13 - https:\/\/yoast.com\/wordpress\/plugins\/seo\/ -->\n<title>Corona - Spanglish Voces Magazine<\/title>\n<meta name=\"robots\" content=\"index, follow, max-snippet:-1, max-image-preview:large, max-video-preview:-1\" \/>\n<link rel=\"canonical\" href=\"https:\/\/www.spanglishvoces.com\/index.php\/2025\/05\/03\/corona\/\" \/>\n<meta property=\"og:locale\" content=\"en_US\" \/>\n<meta property=\"og:type\" content=\"article\" \/>\n<meta property=\"og:title\" content=\"Corona - Spanglish Voces Magazine\" \/>\n<meta property=\"og:description\" content=\"Inspired by the artwork of Rafaelina Tineo titled \u201cEl mo\u00f1o\u201d from the \u201cWomen in the Heights: Hair \u2013 Untangling Identity\u201d exhibit at the NoMAA GALLERY. &nbsp; Dice la sociedad que debo desenredar nudos, nudos en mi identidad, en la mente, en el coraz\u00f3n en mi corona, nudos en mi garganta. Los desenredo con un peine [&hellip;]\" \/>\n<meta property=\"og:url\" content=\"https:\/\/www.spanglishvoces.com\/index.php\/2025\/05\/03\/corona\/\" \/>\n<meta property=\"og:site_name\" content=\"Spanglish Voces Magazine\" \/>\n<meta property=\"article:published_time\" content=\"2025-05-03T20:36:27+00:00\" \/>\n<meta property=\"article:modified_time\" content=\"2025-05-03T20:45:19+00:00\" \/>\n<meta property=\"og:image\" content=\"https:\/\/www.spanglishvoces.com\/wp-content\/uploads\/2025\/05\/Untitled-design-3.jpg\" \/>\n\t<meta property=\"og:image:width\" content=\"1080\" \/>\n\t<meta property=\"og:image:height\" content=\"1350\" \/>\n\t<meta property=\"og:image:type\" content=\"image\/jpeg\" \/>\n<meta name=\"author\" content=\"Lissette Acosta Corniel\" \/>\n<meta name=\"twitter:card\" content=\"summary_large_image\" \/>\n<meta name=\"twitter:label1\" content=\"Written by\" \/>\n\t<meta name=\"twitter:data1\" content=\"Lissette Acosta Corniel\" \/>\n\t<meta name=\"twitter:label2\" content=\"Est. reading time\" \/>\n\t<meta name=\"twitter:data2\" content=\"2 minutes\" \/>\n<script type=\"application\/ld+json\" class=\"yoast-schema-graph\">{\"@context\":\"https:\/\/schema.org\",\"@graph\":[{\"@type\":\"WebPage\",\"@id\":\"https:\/\/www.spanglishvoces.com\/index.php\/2025\/05\/03\/corona\/\",\"url\":\"https:\/\/www.spanglishvoces.com\/index.php\/2025\/05\/03\/corona\/\",\"name\":\"Corona - Spanglish Voces Magazine\",\"isPartOf\":{\"@id\":\"https:\/\/www.spanglishvoces.com\/#website\"},\"datePublished\":\"2025-05-03T20:36:27+00:00\",\"dateModified\":\"2025-05-03T20:45:19+00:00\",\"author\":{\"@id\":\"https:\/\/www.spanglishvoces.com\/#\/schema\/person\/b93c83449823f38eaf19279803a3ce4a\"},\"breadcrumb\":{\"@id\":\"https:\/\/www.spanglishvoces.com\/index.php\/2025\/05\/03\/corona\/#breadcrumb\"},\"inLanguage\":\"en-US\",\"potentialAction\":[{\"@type\":\"ReadAction\",\"target\":[\"https:\/\/www.spanglishvoces.com\/index.php\/2025\/05\/03\/corona\/\"]}]},{\"@type\":\"BreadcrumbList\",\"@id\":\"https:\/\/www.spanglishvoces.com\/index.php\/2025\/05\/03\/corona\/#breadcrumb\",\"itemListElement\":[{\"@type\":\"ListItem\",\"position\":1,\"name\":\"Home\",\"item\":\"https:\/\/www.spanglishvoces.com\/\"},{\"@type\":\"ListItem\",\"position\":2,\"name\":\"Corona\"}]},{\"@type\":\"WebSite\",\"@id\":\"https:\/\/www.spanglishvoces.com\/#website\",\"url\":\"https:\/\/www.spanglishvoces.com\/\",\"name\":\"Spanglish Voces Magazine\",\"description\":\"This platform is a tool to build community.\",\"potentialAction\":[{\"@type\":\"SearchAction\",\"target\":{\"@type\":\"EntryPoint\",\"urlTemplate\":\"https:\/\/www.spanglishvoces.com\/?s={search_term_string}\"},\"query-input\":\"required name=search_term_string\"}],\"inLanguage\":\"en-US\"},{\"@type\":\"Person\",\"@id\":\"https:\/\/www.spanglishvoces.com\/#\/schema\/person\/b93c83449823f38eaf19279803a3ce4a\",\"name\":\"Lissette Acosta Corniel\",\"image\":{\"@type\":\"ImageObject\",\"inLanguage\":\"en-US\",\"@id\":\"https:\/\/www.spanglishvoces.com\/#\/schema\/person\/image\/\",\"url\":\"https:\/\/secure.gravatar.com\/avatar\/b408f414ffd374beb823569112866d49?s=96&d=mm&r=g\",\"contentUrl\":\"https:\/\/secure.gravatar.com\/avatar\/b408f414ffd374beb823569112866d49?s=96&d=mm&r=g\",\"caption\":\"Lissette Acosta Corniel\"},\"url\":\"https:\/\/www.spanglishvoces.com\/index.php\/author\/liacostabmcc-cuny-edu\/\"}]}<\/script>\n<!-- \/ Yoast SEO plugin. -->","yoast_head_json":{"title":"Corona - Spanglish Voces Magazine","robots":{"index":"index","follow":"follow","max-snippet":"max-snippet:-1","max-image-preview":"max-image-preview:large","max-video-preview":"max-video-preview:-1"},"canonical":"https:\/\/www.spanglishvoces.com\/index.php\/2025\/05\/03\/corona\/","og_locale":"en_US","og_type":"article","og_title":"Corona - Spanglish Voces Magazine","og_description":"Inspired by the artwork of Rafaelina Tineo titled \u201cEl mo\u00f1o\u201d from the \u201cWomen in the Heights: Hair \u2013 Untangling Identity\u201d exhibit at the NoMAA GALLERY. &nbsp; Dice la sociedad que debo desenredar nudos, nudos en mi identidad, en la mente, en el coraz\u00f3n en mi corona, nudos en mi garganta. Los desenredo con un peine [&hellip;]","og_url":"https:\/\/www.spanglishvoces.com\/index.php\/2025\/05\/03\/corona\/","og_site_name":"Spanglish Voces Magazine","article_published_time":"2025-05-03T20:36:27+00:00","article_modified_time":"2025-05-03T20:45:19+00:00","og_image":[{"width":1080,"height":1350,"url":"https:\/\/www.spanglishvoces.com\/wp-content\/uploads\/2025\/05\/Untitled-design-3.jpg","type":"image\/jpeg"}],"author":"Lissette Acosta Corniel","twitter_card":"summary_large_image","twitter_misc":{"Written by":"Lissette Acosta Corniel","Est. reading time":"2 minutes"},"schema":{"@context":"https:\/\/schema.org","@graph":[{"@type":"WebPage","@id":"https:\/\/www.spanglishvoces.com\/index.php\/2025\/05\/03\/corona\/","url":"https:\/\/www.spanglishvoces.com\/index.php\/2025\/05\/03\/corona\/","name":"Corona - Spanglish Voces Magazine","isPartOf":{"@id":"https:\/\/www.spanglishvoces.com\/#website"},"datePublished":"2025-05-03T20:36:27+00:00","dateModified":"2025-05-03T20:45:19+00:00","author":{"@id":"https:\/\/www.spanglishvoces.com\/#\/schema\/person\/b93c83449823f38eaf19279803a3ce4a"},"breadcrumb":{"@id":"https:\/\/www.spanglishvoces.com\/index.php\/2025\/05\/03\/corona\/#breadcrumb"},"inLanguage":"en-US","potentialAction":[{"@type":"ReadAction","target":["https:\/\/www.spanglishvoces.com\/index.php\/2025\/05\/03\/corona\/"]}]},{"@type":"BreadcrumbList","@id":"https:\/\/www.spanglishvoces.com\/index.php\/2025\/05\/03\/corona\/#breadcrumb","itemListElement":[{"@type":"ListItem","position":1,"name":"Home","item":"https:\/\/www.spanglishvoces.com\/"},{"@type":"ListItem","position":2,"name":"Corona"}]},{"@type":"WebSite","@id":"https:\/\/www.spanglishvoces.com\/#website","url":"https:\/\/www.spanglishvoces.com\/","name":"Spanglish Voces Magazine","description":"This platform is a tool to build community.","potentialAction":[{"@type":"SearchAction","target":{"@type":"EntryPoint","urlTemplate":"https:\/\/www.spanglishvoces.com\/?s={search_term_string}"},"query-input":"required name=search_term_string"}],"inLanguage":"en-US"},{"@type":"Person","@id":"https:\/\/www.spanglishvoces.com\/#\/schema\/person\/b93c83449823f38eaf19279803a3ce4a","name":"Lissette Acosta Corniel","image":{"@type":"ImageObject","inLanguage":"en-US","@id":"https:\/\/www.spanglishvoces.com\/#\/schema\/person\/image\/","url":"https:\/\/secure.gravatar.com\/avatar\/b408f414ffd374beb823569112866d49?s=96&d=mm&r=g","contentUrl":"https:\/\/secure.gravatar.com\/avatar\/b408f414ffd374beb823569112866d49?s=96&d=mm&r=g","caption":"Lissette Acosta Corniel"},"url":"https:\/\/www.spanglishvoces.com\/index.php\/author\/liacostabmcc-cuny-edu\/"}]}},"_links":{"self":[{"href":"https:\/\/www.spanglishvoces.com\/index.php\/wp-json\/wp\/v2\/posts\/3104"}],"collection":[{"href":"https:\/\/www.spanglishvoces.com\/index.php\/wp-json\/wp\/v2\/posts"}],"about":[{"href":"https:\/\/www.spanglishvoces.com\/index.php\/wp-json\/wp\/v2\/types\/post"}],"author":[{"embeddable":true,"href":"https:\/\/www.spanglishvoces.com\/index.php\/wp-json\/wp\/v2\/users\/89"}],"replies":[{"embeddable":true,"href":"https:\/\/www.spanglishvoces.com\/index.php\/wp-json\/wp\/v2\/comments?post=3104"}],"version-history":[{"count":5,"href":"https:\/\/www.spanglishvoces.com\/index.php\/wp-json\/wp\/v2\/posts\/3104\/revisions"}],"predecessor-version":[{"id":3113,"href":"https:\/\/www.spanglishvoces.com\/index.php\/wp-json\/wp\/v2\/posts\/3104\/revisions\/3113"}],"wp:featuredmedia":[{"embeddable":true,"href":"https:\/\/www.spanglishvoces.com\/index.php\/wp-json\/wp\/v2\/media\/3111"}],"wp:attachment":[{"href":"https:\/\/www.spanglishvoces.com\/index.php\/wp-json\/wp\/v2\/media?parent=3104"}],"wp:term":[{"taxonomy":"category","embeddable":true,"href":"https:\/\/www.spanglishvoces.com\/index.php\/wp-json\/wp\/v2\/categories?post=3104"},{"taxonomy":"post_tag","embeddable":true,"href":"https:\/\/www.spanglishvoces.com\/index.php\/wp-json\/wp\/v2\/tags?post=3104"}],"curies":[{"name":"wp","href":"https:\/\/api.w.org\/{rel}","templated":true}]}}